{"id":27867,"date":"2024-05-28T11:19:06","date_gmt":"2024-05-28T08:19:06","guid":{"rendered":"https:\/\/hekotek.ee\/?p=27867"},"modified":"2026-01-16T08:26:23","modified_gmt":"2026-01-16T06:26:23","slug":"muudatused-as-hekoteki-juhatuses","status":"publish","type":"post","link":"https:\/\/hekotek.ee\/et\/muudatused-as-hekoteki-juhatuses\/","title":{"rendered":"Muudatused AS Hekoteki juhatuses"},"content":{"rendered":"<div class=\"fusion-fullwidth fullwidth-box fusion-builder-row-1 fusion-flex-container nonhundred-percent-fullwidth non-hundred-percent-height-scrolling gradient-container-1\" style=\"--awb-border-radius-top-left:0px;--awb-border-radius-top-right:0px;--awb-border-radius-bottom-right:0px;--awb-border-radius-bottom-left:0px;--awb-flex-wrap:wrap;\" ><div class=\"fusion-builder-row fusion-row fusion-flex-align-items-flex-start fusion-flex-content-wrap\" style=\"max-width:1248px;margin-left: calc(-4% \/ 2 );margin-right: calc(-4% \/ 2 );\"><div class=\"fusion-layout-column fusion_builder_column fusion-builder-column-0 fusion_builder_column_1_1 1_1 fusion-flex-column\" style=\"--awb-bg-blend:overlay;--awb-bg-size:cover;--awb-width-large:100%;--awb-margin-top-large:0px;--awb-spacing-right-large:1.92%;--awb-margin-bottom-large:0px;--awb-spacing-left-large:1.92%;--awb-width-medium:100%;--awb-spacing-right-medium:1.92%;--awb-spacing-left-medium:1.92%;--awb-width-small:100%;--awb-spacing-right-small:1.92%;--awb-spacing-left-small:1.92%;\"><div class=\"fusion-column-wrapper fusion-flex-justify-content-flex-start fusion-content-layout-column\"><div class=\"fusion-text fusion-text-1\"><p class=\"x_MsoNormal\"><span lang=\"ET\">AS Hekotek annab teada, et alates juunikuust on ettev\u00f5ttel uus juhatuse esimees: Margo Muzakko.<\/span><\/p>\n<p class=\"x_MsoNormal\"><span lang=\"ET\">Margo on Hekotekis t\u00f6\u00f6tanud alates 2011.aastast, sellest 10 aastat on ta olnud projektiosakonna juht.<\/span><\/p>\n<p class=\"x_MsoNormal\"><span lang=\"ET\">Senine juhatuse esimees, Heiki Einpaul, ettev\u00f5ttest ei lahku, vaid siirdub ettev\u00f5tte n\u00f5ukogu esimeheks.<\/span><\/p>\n<p class=\"x_MsoNormal\"><span lang=\"ET\">Kommenteerib Heiki Einpaul: \u201eOlen Hekotekis t\u00f6\u00f6tanud alates selle asutamisest 1992. aastal. Hekoteki tegevdirektor ja juhatuse esimees olen olnud juba \u00fcle 25 aasta. Tuleb tabada hetk, et teatepulk v\u00e4\u00e4rikalt \u00f5igele meeskonnakaaslasele edasi anda, kes siis seda juba v\u00e4rske hooga edasi kannab. Olen veendud, et Hekotek j\u00e4tkab Margo juhtimisel stabiilselt ja innukalt ning nii meie t\u00f6\u00f6tajad kui ka kliendid on k\u00f5ik h\u00e4sti hoitud. Ise olen ka edaspidi oma kogemuste ja oskustega vajadusel alati olemas.\u201c<\/span><\/p>\n<p>&nbsp;<\/p>\n<\/div><\/div><\/div><\/div><\/div>\n","protected":false},"excerpt":{"rendered":"<p>AS Hekotek annab teada, et alates juunikuust on ettev\u00f5ttel uus juhatuse esimees &#8211; Margo Muzakko.<\/p>\n","protected":false},"author":9,"featured_media":0,"comment_status":"open","ping_status":"open","sticky":false,"template":"","format":"standard","meta":{"footnotes":""},"categories":[816,565],"tags":[],"class_list":["post-27867","post","type-post","status-publish","format-standard","hentry","category-816","category-uudised"],"_links":{"self":[{"href":"https:\/\/hekotek.ee\/et\/wp-json\/wp\/v2\/posts\/27867","targetHints":{"allow":["GET"]}}],"collection":[{"href":"https:\/\/hekotek.ee\/et\/wp-json\/wp\/v2\/posts"}],"about":[{"href":"https:\/\/hekotek.ee\/et\/wp-json\/wp\/v2\/types\/post"}],"author":[{"embeddable":true,"href":"https:\/\/hekotek.ee\/et\/wp-json\/wp\/v2\/users\/9"}],"replies":[{"embeddable":true,"href":"https:\/\/hekotek.ee\/et\/wp-json\/wp\/v2\/comments?post=27867"}],"version-history":[{"count":8,"href":"https:\/\/hekotek.ee\/et\/wp-json\/wp\/v2\/posts\/27867\/revisions"}],"predecessor-version":[{"id":32230,"href":"https:\/\/hekotek.ee\/et\/wp-json\/wp\/v2\/posts\/27867\/revisions\/32230"}],"wp:attachment":[{"href":"https:\/\/hekotek.ee\/et\/wp-json\/wp\/v2\/media?parent=27867"}],"wp:term":[{"taxonomy":"category","embeddable":true,"href":"https:\/\/hekotek.ee\/et\/wp-json\/wp\/v2\/categories?post=27867"},{"taxonomy":"post_tag","embeddable":true,"href":"https:\/\/hekotek.ee\/et\/wp-json\/wp\/v2\/tags?post=27867"}],"curies":[{"name":"wp","href":"https:\/\/api.w.org\/{rel}","templated":true}]}}